{"id":716,"date":"2021-03-07T19:22:23","date_gmt":"2021-03-07T19:22:23","guid":{"rendered":"http:\/\/www.backhausteam.de\/wordpress\/?p=716"},"modified":"2022-04-18T11:49:14","modified_gmt":"2022-04-18T11:49:14","slug":"jahreshauptversammlung-2020","status":"publish","type":"post","link":"http:\/\/www.backhausteam.de\/wordpress\/?p=716","title":{"rendered":"Jahreshauptversammlung 2020"},"content":{"rendered":"\n<p>Jahreshauptversammlung 2020<\/p>\n<p>Am 07.03.2020 hatte das Backhausteam Klein-Altenst\u00e4dten e.V. alle Mitglieder zur Jahreshauptversammlung eingeladen.<\/p>\n<p>Im Bericht des 1. Vorsitzenden bedankte sich Heinz Gerhard G\u00f6tz nochmals bei den ausgeschiedenen Vorstandmitgliedern, die am 03.01.2020 bei der au\u00dferordentlichen Mitgliederversammlung zur\u00fcckgetreten sind. Weiterhin bedankte sich der 1. Vorsitzende bei allen Mitgliedern f\u00fcr die erbrachten Leistungen und Eins\u00e4tze im Jahre 2019.<\/p>\n<p>Ein Bericht der Arbeiten der B\u00fcrgerstiftung konnte nicht erbracht werden da das abgestellte Mitglied unseres Vereins ( Klaus Schlegel ) an der Sitzung nicht teilnehmen konnte. Der 1. Vorsitzende bedanke sich bei Klaus Schlegel f\u00fcr sein wirken, im Namen des Vereins, in der B\u00fcrgerstiftung.<\/p>\n<p>F\u00fcr das verstorbene Gr\u00fcndungs- und Vorstandsmitglied Manfred Frank wurde eine Gedenkminute eingelegt.<\/p>\n<p>In seinem Bericht bat der 1. Vorsitzende nochmal alle Mitglieder ihre Einsatzbereitschaft weiterhin aufrecht zu halten, denn ohne die Einsatzbereitschaft der Mitglieder w\u00e4ren die Feste und Aktionen die unser Verein durchf\u00fchrt nicht m\u00f6glich.<\/p>\n<p><img decoding=\"async\" src=\"http:\/\/www.backhausteam.de\/wordpress\/wp-content\/uploads\/2020\/03\/JHV-2020-1-300x169.jpg\" \/><\/p>\n<p>Der Vorstand bedankte sich bei den geehrten Mitgliedern f\u00fcr die erbrachten Leistungen und das Engagement. Eine Urkunde f\u00fcr 10j\u00e4hrige Vereinszugeh\u00f6rigkeit wurde an Ausra Krott (nicht Anwesend) und Sherin G\u00f6tz \u00fcberreicht.<br \/>Annegret Bourcarde wurde eine besondere Ehrung zu teil, Ihr wurde die Urkunde als Ehrenmitglied \u00fcberreicht und durch Ihre besonderen Verdienste im Interesse des Vereins erhob man sie in die Rang des Ehrenvorstandes. Des weiteren bedankte sich der Vorstand bei den Familien Weckm\u00fcller und Hanickel f\u00fcr die zur Verf\u00fcgungsstellung der R\u00e4umlichkeiten und \u00fcberreichte Anette eine kleine Anerkennung. <br \/>Um f\u00fcr die Zukunft unseres Vereins einen handlungsf\u00e4higen Vorstand zu stellen wurden laut Mitgliederbeschluss die Beisitzer von 2 Beisitzer auf 4 Beisitzer aufgestockt. Peter Angerer und Gudrun Martin, wurden von den anwesenden Mitgliedern als neue Beisitzer gew\u00e4hlt. Der 1. Vorsitzende begr\u00fc\u00dfte seine neuen Vorstandskollegen und freut sich auf gute Zusammenarbeit.<\/p>\n<p><img decoding=\"async\" src=\"http:\/\/www.backhausteam.de\/wordpress\/wp-content\/uploads\/2020\/03\/JHV-2020-300x169.jpg\" \/><\/p>\n<p>Zum Ende der Jahreshauptversammlung am 07.03.2020 wurden die Aktivit\u00e4ten 2020 bekannt gegeben diese sind folgende: <br \/>15.02.2020 Besuch der ACV-Prunksitzung<br \/>07.03.2020 Jahreshauptversammlung<br \/>21.03.2020 Besuch der Apres Ski Party der Burschenschaft Die Kitzeleu<br \/>30.04.2020 Aufbau Zwitscherfest<br \/>30.04.2020 Besuch des Maibaumstellens der Burschenschaft Die Kitzeleu<br \/>01.05.2020 Zwitscherfest<br \/>02.05.2020 Abbau Zwitscherfest<br \/>12.07.2020 Besuch des Teichfestes des Angelsportverein A\u00dflar<br \/>18.07.2020 Besuch und Teilnahme an der Radtour des RV-Schwalbe<br \/>30.07.2020 Stellen des Bier- und K\u00fcchenwagen f\u00fcr das Backhausplatzfest<br \/>31.07.2020 Aufbau Backhausplatzfest<br \/>01.08.2020 Backhausplatzfest<br \/>02.08.2020 Backhausplatzfest<br \/>03.08.2020 Abbau Backhausplatzfest<br \/>29.08.2020 Besuch Kirmes A\u00dflar der Burschenschaft Club zur Linde<br \/>30.08.2020 Teilnahme am Kirmeszug der Burschenschaft Club zur Linde<br \/>06.09.2020 Besuch Tag der offenen T\u00fcr der Feuerwehr A\u00dflar<br \/>07.09.2020 Beginn des Trainings f\u00fcr das Ortspokalschie\u00dfen des Sch\u00fctzencorps <br \/>Klein-Altenst\u00e4dten<br \/>24.10.2020 Besuch des Sch\u00fctzenball des Sch\u00fctzencorps<br \/>04.12.2020 Stellen des K\u00fcchenwagens f\u00fcr den Weihnachtsmarkt A\u00dflar<br \/>05.12.2020 Teilnahme am Weihnachtsmarkt A\u00dflar<br \/>06.12.2020 Teilnahme am Weihnachtsmarkt A\u00dflar<br \/>06.12.2020 Abbau Weihnachtsmarkt A\u00dflar<br \/>Des weiteren wurde auf den Stammtisch jeden 3. Freitag im Backhaus Klein-Altenst\u00e4dten und auf eine geplante Tagesfahrt im September 2020 hingewiesen. F\u00fcr Ideen des Ziels der Tagesfahrt seitens der Mitglieder ist der Vorstand offen. Der 1. Vorsitzende appellierte die Mitglieder bei Besuchen der Veranstaltungen die Vereinskleidung zu tragen wie <br \/>T-Shirt, Polo, Sweatshirt oder Vliesjacke. Als Dankesch\u00f6n des Vereins bekommen die Mitglieder, die in Vereinskleidung an einer Veranstaltung teilnehmen 5 Getr\u00e4nkemarken ausgenommen sind die eigenen Veranstaltungen. Wenn es noch Mitglieder gibt die Vereinskleidung ben\u00f6tigen, m\u00f6chten diese sich bitte beim Vorstand melden.<\/p>\n<p>Der Vorstand freut sich mit allen Mitgliedern auf ein ereignisreiches und erfolgreiches Jahr 2020.<\/p>\n","protected":false},"excerpt":{"rendered":"<p>Jahreshauptversammlung 2020 Am 07.03.2020 hatte das Backhausteam Klein-Altenst\u00e4dten e.V. alle Mitglieder zur Jahreshauptversammlung eingeladen. Im Bericht des 1. Vorsitzenden bedankte sich Heinz Gerhard G\u00f6tz nochmals bei den ausgeschiedenen Vorstandmitgliedern, die am 03.01.2020 bei der au\u00dferordentlichen Mitgliederversammlung zur\u00fcckgetreten sind. Weiterhin bedankte sich der 1. Vorsitzende bei allen Mitgliedern f\u00fcr die erbrachten Leistungen und Eins\u00e4tze im Jahre&#8230;<\/p>\n","protected":false},"author":3,"featured_media":0,"comment_status":"closed","ping_status":"closed","sticky":false,"template":"","format":"standard","meta":{"footnotes":"","_links_to":"","_links_to_target":""},"categories":[7],"tags":[],"class_list":["post-716","post","type-post","status-publish","format-standard","hentry","category-vereinsnachrichten"],"_links":{"self":[{"href":"http:\/\/www.backhausteam.de\/wordpress\/index.php?rest_route=\/wp\/v2\/posts\/716","targetHints":{"allow":["GET"]}}],"collection":[{"href":"http:\/\/www.backhausteam.de\/wordpress\/index.php?rest_route=\/wp\/v2\/posts"}],"about":[{"href":"http:\/\/www.backhausteam.de\/wordpress\/index.php?rest_route=\/wp\/v2\/types\/post"}],"author":[{"embeddable":true,"href":"http:\/\/www.backhausteam.de\/wordpress\/index.php?rest_route=\/wp\/v2\/users\/3"}],"replies":[{"embeddable":true,"href":"http:\/\/www.backhausteam.de\/wordpress\/index.php?rest_route=%2Fwp%2Fv2%2Fcomments&post=716"}],"version-history":[{"count":5,"href":"http:\/\/www.backhausteam.de\/wordpress\/index.php?rest_route=\/wp\/v2\/posts\/716\/revisions"}],"predecessor-version":[{"id":721,"href":"http:\/\/www.backhausteam.de\/wordpress\/index.php?rest_route=\/wp\/v2\/posts\/716\/revisions\/721"}],"wp:attachment":[{"href":"http:\/\/www.backhausteam.de\/wordpress\/index.php?rest_route=%2Fwp%2Fv2%2Fmedia&parent=716"}],"wp:term":[{"taxonomy":"category","embeddable":true,"href":"http:\/\/www.backhausteam.de\/wordpress\/index.php?rest_route=%2Fwp%2Fv2%2Fcategories&post=716"},{"taxonomy":"post_tag","embeddable":true,"href":"http:\/\/www.backhausteam.de\/wordpress\/index.php?rest_route=%2Fwp%2Fv2%2Ftags&post=716"}],"curies":[{"name":"wp","href":"https:\/\/api.w.org\/{rel}","templated":true}]}}