{"id":792,"date":"2022-08-09T14:58:34","date_gmt":"2022-08-09T14:58:34","guid":{"rendered":"http:\/\/www.backhausteam.de\/wordpress\/?p=792"},"modified":"2022-08-09T14:58:34","modified_gmt":"2022-08-09T14:58:34","slug":"jahreshauptversammlung-2022","status":"publish","type":"post","link":"http:\/\/www.backhausteam.de\/wordpress\/?p=792","title":{"rendered":"Jahreshauptversammlung 2022"},"content":{"rendered":"\n\n\n<p>Jahreshauptversammlung 2022<\/p>\n<p>Am 09.04.2022 traf sich das Backhausteam Klein-Altenst\u00e4dten e.V. zur Jahreshauptversammlung, die Veranstaltung fand im Sch\u00fctzenhaus Klein-Altenst\u00e4dten statt. Um 19:40 Uhr begr\u00fc\u00dfte der 1. Vorsitzende Heinz Gerhard G\u00f6tz die Mitglieder und bedankte sich beim Sch\u00fctzen Corps Klein-Altenst\u00e4dten e.V. f\u00fcr das zur Verf\u00fcgung stellen der R\u00e4umlichkeiten, die Bewirtung und bei den Mitgliedern f\u00fcr ihr erscheinen.<\/p>\n<p>Im Bericht des ersten Vorsitzenden wurden die Mitglieder \u00fcber die aktuelle Lage des Vereins informiert. Unteranderem wurde bekannt gegeben, dass, das Zwitscherfest 2022 aufgrund der aktuellen Pandemielage noch nicht durchgef\u00fchrt werden kann, da man dieses Fest noch nicht verantworten k\u00f6nne, so der Vorstand. Das Backhausteam Klein-Altenst\u00e4dten e.V. z\u00e4hlt aktuell 81 Mitglieder darunter sind 6 Kinder, trotz der vier Austritte im Jahre 2021 freute sich der Vorstand das neue Mitglied Maximilian Wilnauer in seinen Reihen begr\u00fc\u00dfen zu d\u00fcrfen. F\u00fcr die Teilnahme, mit zwei Herren- und einer Damenmannschaft beim Ortpokalschie\u00dfen 2021, bedankte sich der 1. Vorsitzende bei den teilnehmenden Mitgliedern und freute sich \u00fcber das gute Ergebnis. Dass die Mannschaften Herren 1 und Damen 1 sich die Pl\u00e4tze 1 und 3 sicherten sei sch\u00f6n und lobenswert, allerdings stehe bei der j\u00e4hrlichen Teilnahme am Ortspokalschie\u00dfen der Spa\u00df und die Unterst\u00fctzung des befreundeten Ortsvereines im Vordergrund, so G\u00f6tz. Per Handzeichen entschieden die Mitglieder das, da das Zwitscherfest nicht stattfindet, stattdessen ein Sommerfest im Juni zu veranstalten, wenn es die Pandemielage zulasse. Auch per Mitgliederentscheid wurde das Backhausplatzfest auf das erste volle Wochenende im August verschoben. Eine Tagesfahrt wird seitens des Vorstandes f\u00fcr September oder Oktober geplant.<\/p>\n<p>Emotional wurde es im Punkt 7 der Tagesordnung wo, die anwesenden gebeten wurden sich von ihren Pl\u00e4tzen zu erheben und kurz Innezuhalten, um den verstorbenen Mitgliedern Michael Schindler und Willi Weckm\u00fcller zu gedenken. Das Backhausteam Klein-Altenst\u00e4dten e.V. wird die verstorben Mitglieder stets in ehrender Erinnerung behalten.<\/p>\n<p>Dieses Jahr standen 7 Wahlen an, unteranderem stand der\/die 1. Vorsitzende, der\/die Kassierer\/in, der\/die 1. Beisitzer\/in, der\/die 2. Beisitzer\/in, das 1. Ausschussmitglied, das 2. Ausschussmitglied und der\/die Kassenpr\u00fcfer\/in zur Wahl.<\/p>\n<p>In ihren \u00c4mtern best\u00e4tigt wurden:<a href=\"http:\/\/www.backhausteam.de\/wordpress\/wp-content\/uploads\/2022\/04\/IMG-20220409-WA0003.jpg\"><img loading=\"lazy\" decoding=\"async\" class=\" wp-image-757 alignright\" src=\"http:\/\/www.backhausteam.de\/wordpress\/wp-content\/uploads\/2022\/04\/IMG-20220409-WA0003-300x225.jpg\" alt=\"\" width=\"399\" height=\"299\" srcset=\"http:\/\/www.backhausteam.de\/wordpress\/wp-content\/uploads\/2022\/04\/IMG-20220409-WA0003-300x225.jpg 300w, http:\/\/www.backhausteam.de\/wordpress\/wp-content\/uploads\/2022\/04\/IMG-20220409-WA0003-1024x768.jpg 1024w, http:\/\/www.backhausteam.de\/wordpress\/wp-content\/uploads\/2022\/04\/IMG-20220409-WA0003-768x576.jpg 768w, http:\/\/www.backhausteam.de\/wordpress\/wp-content\/uploads\/2022\/04\/IMG-20220409-WA0003-1536x1152.jpg 1536w, http:\/\/www.backhausteam.de\/wordpress\/wp-content\/uploads\/2022\/04\/IMG-20220409-WA0003-850x638.jpg 850w, http:\/\/www.backhausteam.de\/wordpress\/wp-content\/uploads\/2022\/04\/IMG-20220409-WA0003.jpg 1600w\" sizes=\"auto, (max-width: 399px) 100vw, 399px\" \/><\/a><br \/>Heinz Gerhard G\u00f6tz 1. Vorsitzender, <br \/>Janina G\u00f6tz Kassiererin, <br \/>Sherien G\u00f6tz <br \/>2. Beisitzerin, <br \/>Anette Weckm\u00fcller <br \/>1. Ausschussmitglied und Martin Pfaff <br \/>2. Ausschussmitglied.<\/p>\n<p>Neu in ihre \u00c4mter gew\u00e4hlt wurden:<br \/>Tim G\u00f6tz 1. Beisitzer und Melanie G\u00f6tz Kassenpr\u00fcferin.<\/p>\n<p>Der 1. Vorsitzende bedankte sich beim Wahlausschuss f\u00fcr die Durchf\u00fchrung der einzelnen Wahlg\u00e4nge und w\u00fcnschte den gew\u00e4hlten Mitgliedern gutes Gelingen in ihren \u00c4mtern.<\/p>\n<p>F\u00fcr 10-j\u00e4hrige Vereinstreue wurde Martin L\u00fchrmann geehrt, die Urkunde f\u00fcr diese Ehrung konnte nicht pers\u00f6nlich \u00fcbergeben werden.<\/p>\n<p>F\u00fcr dieses Jahr stehen endlich wieder Aktivit\u00e4ten auf dem Plan, geplant sind folgende Aktivit\u00e4ten:<\/p>\n<ul>\n<li>Ostereierschie\u00dfen am 15.04.22 ab 10:30 Uhr im Sch\u00fctzenhaus Klein-Altenst\u00e4dten<\/li>\n<li>Maibaumstellen am 30.04.22 am Backhausplatz in Klein-Altenst\u00e4dten<\/li>\n<li>50 Jahr Feier ACV am 13.05.22 in der Stadthalle A\u00dflar<\/li>\n<li>Teichfest ASV an der Teichanlage zwischen A\u00dflar und Bechlingen im Juli<\/li>\n<li>Backhausplatzfest in Klein-Altenst\u00e4dten vom 05. \u2013 07.08.22<\/li>\n<li>Kirmes A\u00dflar vom 26. \u00ad\u2013 29.08.22<\/li>\n<li>Tag der offenen T\u00fcr der Feuerwehr A\u00dflar im September<\/li>\n<li>Ortspokalschie\u00dfen im September<\/li>\n<li>Tagesfahrt im Oktober<\/li>\n<li>Sch\u00fctzenball im Oktober<\/li>\n<li>Monatlicher Stammtisch im Backhaus jeder letzte Freitag im Monat ab 20:00 Uhr<\/li>\n<\/ul>\n<p>Zu jeder Veranstaltung wird rechtzeitig \u00fcber die Homepage, A\u00dflar die Woche und der WhatsApp-Gruppe aufgerufen und um Anmeldung gebeten. Jedes Mitglied das bei den Veranstaltungen der anderen Vereine in unserm Vereinsoutfit teilnimmt bekommt 5 Getr\u00e4nke vom Verein als Dank. Zwecks einer Bestellung f\u00fcr neue Vereinskleidung wird seitens des Vorstandes nochmals in den bekannten Medien aufgerufen.<\/p>\n<p>F\u00fcr das Vereinsjubil\u00e4um im n\u00e4chsten Jahr wurde ein Festkomitee gegr\u00fcndet. Die Mitglieder Gudrun Martin, Roland Schnorr, Tim G\u00f6tz, Melanie G\u00f6tz, Anette Weckm\u00fcller und Maximilian Wilnauer haben sich bereit erkl\u00e4rt im Sinne aller das Vereinsjubil\u00e4um zu planen und zu gestalten. Der Vorstand w\u00fcnscht dem Festkomitee gutes Gelingen und hofft auf gute und konstruktive Zusammenarbeit. Um 22:50 Uhr beendete der 1. Vorsitzende die Sitzung und w\u00fcnschte den anwesenden Mitgliedern einen guten nach Hause weg.<\/p>\n","protected":false},"excerpt":{"rendered":"<p>Jahreshauptversammlung 2022 Am 09.04.2022 traf sich das Backhausteam Klein-Altenst\u00e4dten e.V. zur Jahreshauptversammlung, die Veranstaltung fand im Sch\u00fctzenhaus Klein-Altenst\u00e4dten statt. Um 19:40 Uhr begr\u00fc\u00dfte der 1. Vorsitzende Heinz Gerhard G\u00f6tz die Mitglieder und bedankte sich beim Sch\u00fctzen Corps Klein-Altenst\u00e4dten e.V. f\u00fcr das zur Verf\u00fcgung stellen der R\u00e4umlichkeiten, die Bewirtung und bei den Mitgliedern f\u00fcr ihr erscheinen&#8230;.<\/p>\n","protected":false},"author":3,"featured_media":0,"comment_status":"closed","ping_status":"closed","sticky":false,"template":"","format":"standard","meta":{"footnotes":"","_links_to":"","_links_to_target":""},"categories":[1],"tags":[],"class_list":["post-792","post","type-post","status-publish","format-standard","hentry","category-berichte"],"_links":{"self":[{"href":"http:\/\/www.backhausteam.de\/wordpress\/index.php?rest_route=\/wp\/v2\/posts\/792","targetHints":{"allow":["GET"]}}],"collection":[{"href":"http:\/\/www.backhausteam.de\/wordpress\/index.php?rest_route=\/wp\/v2\/posts"}],"about":[{"href":"http:\/\/www.backhausteam.de\/wordpress\/index.php?rest_route=\/wp\/v2\/types\/post"}],"author":[{"embeddable":true,"href":"http:\/\/www.backhausteam.de\/wordpress\/index.php?rest_route=\/wp\/v2\/users\/3"}],"replies":[{"embeddable":true,"href":"http:\/\/www.backhausteam.de\/wordpress\/index.php?rest_route=%2Fwp%2Fv2%2Fcomments&post=792"}],"version-history":[{"count":1,"href":"http:\/\/www.backhausteam.de\/wordpress\/index.php?rest_route=\/wp\/v2\/posts\/792\/revisions"}],"predecessor-version":[{"id":793,"href":"http:\/\/www.backhausteam.de\/wordpress\/index.php?rest_route=\/wp\/v2\/posts\/792\/revisions\/793"}],"wp:attachment":[{"href":"http:\/\/www.backhausteam.de\/wordpress\/index.php?rest_route=%2Fwp%2Fv2%2Fmedia&parent=792"}],"wp:term":[{"taxonomy":"category","embeddable":true,"href":"http:\/\/www.backhausteam.de\/wordpress\/index.php?rest_route=%2Fwp%2Fv2%2Fcategories&post=792"},{"taxonomy":"post_tag","embeddable":true,"href":"http:\/\/www.backhausteam.de\/wordpress\/index.php?rest_route=%2Fwp%2Fv2%2Ftags&post=792"}],"curies":[{"name":"wp","href":"https:\/\/api.w.org\/{rel}","templated":true}]}}