{"id":90,"date":"2015-02-04T18:44:10","date_gmt":"2015-02-04T18:44:10","guid":{"rendered":"http:\/\/www.backhausteam.de\/wordpress\/?p=90"},"modified":"2015-02-04T18:44:10","modified_gmt":"2015-02-04T18:44:10","slug":"jahreshauptversammlung-2015","status":"publish","type":"post","link":"http:\/\/www.backhausteam.de\/wordpress\/?p=90","title":{"rendered":"Jahreshauptversammlung 2015"},"content":{"rendered":"<p>Liebe Mitglieder,<\/p>\n<p>am <strong>Samstag, den 21. Feb 2015<\/strong> um <strong>19:30Uhr<\/strong> findet unsere Jahreshauptversammung im Mehrzweckraum bei Anette Weckm\u00fcller, Altenbergstra\u00dfe 16 in Kl.-Altenst\u00e4dten statt.<\/p>\n<p>Hierzu m\u00f6chten wir unsere Mitglieder herzlich einladen. Tagespunkte:<\/p>\n<p>&#8211; Begr\u00fc\u00dfung<br \/>\n&#8211; Bericht des 1. Vorsitzenden<br \/>\n&#8211; Bericht des Kassierers<br \/>\n&#8211; Bericht der Kassenpr\u00fcfer<br \/>\n&#8211; Entlastung des Vorstandes<br \/>\n&#8211; Wahlen \u00a0\u00a0\u00a0( 2. Vorsitzende \/r , Kassierer \/ in )<br \/>\n1. und 2. Ausschussmitglied, 1. u. 2. Beisitzer<br \/>\n&#8211; Ehrungen f\u00fcr 10 j\u00e4hrige Vereinszugeh\u00f6rigkeit<br \/>\n&#8211; Aktivit\u00e4ten 2015<br \/>\n&#8211; Antr\u00e4ge<br \/>\n&#8211; Sonstiges<\/p>\n<p>Antr\u00e4ge an die Jahreshauptversammung 2015 sollten bis zum<br \/>\n14. Febr. 2015 an den Vorstand eingereicht werden.<\/p>\n<p>Wegen der Wichtigkeit der Tagespunkte bitten wir um zahlreiches Erscheinen. Da wir auch auf unserer diesj\u00e4hrigen Jahreshauptversammlung einen kleinen Imbiss f\u00fcr unsere Mitglieder reichen wollen, bitten wir um Teilnahmebest\u00e4tigung bis zum 21.02.2015, bei unserer Schriftf\u00fchrerin Annegret Bourcarde.<\/p>\n<p>Mit kameradschaftlichen Gr\u00fc\u00dfen<\/p>\n<p>Der Vorstand<\/p>\n","protected":false},"excerpt":{"rendered":"<p>Liebe Mitglieder, am Samstag, den 21. Feb 2015 um 19:30Uhr findet unsere Jahreshauptversammung im Mehrzweckraum bei Anette Weckm\u00fcller, Altenbergstra\u00dfe 16 in Kl.-Altenst\u00e4dten statt. Hierzu m\u00f6chten wir unsere Mitglieder herzlich einladen. Tagespunkte: &#8211; Begr\u00fc\u00dfung &#8211; Bericht des 1. Vorsitzenden &#8211; Bericht des Kassierers &#8211; Bericht der Kassenpr\u00fcfer &#8211; Entlastung des Vorstandes &#8211; Wahlen \u00a0\u00a0\u00a0( 2. Vorsitzende&#8230;<\/p>\n","protected":false},"author":3,"featured_media":0,"comment_status":"closed","ping_status":"closed","sticky":false,"template":"","format":"standard","meta":{"footnotes":"","_links_to":"","_links_to_target":""},"categories":[7],"tags":[],"class_list":["post-90","post","type-post","status-publish","format-standard","hentry","category-vereinsnachrichten"],"_links":{"self":[{"href":"http:\/\/www.backhausteam.de\/wordpress\/index.php?rest_route=\/wp\/v2\/posts\/90","targetHints":{"allow":["GET"]}}],"collection":[{"href":"http:\/\/www.backhausteam.de\/wordpress\/index.php?rest_route=\/wp\/v2\/posts"}],"about":[{"href":"http:\/\/www.backhausteam.de\/wordpress\/index.php?rest_route=\/wp\/v2\/types\/post"}],"author":[{"embeddable":true,"href":"http:\/\/www.backhausteam.de\/wordpress\/index.php?rest_route=\/wp\/v2\/users\/3"}],"replies":[{"embeddable":true,"href":"http:\/\/www.backhausteam.de\/wordpress\/index.php?rest_route=%2Fwp%2Fv2%2Fcomments&post=90"}],"version-history":[{"count":1,"href":"http:\/\/www.backhausteam.de\/wordpress\/index.php?rest_route=\/wp\/v2\/posts\/90\/revisions"}],"predecessor-version":[{"id":91,"href":"http:\/\/www.backhausteam.de\/wordpress\/index.php?rest_route=\/wp\/v2\/posts\/90\/revisions\/91"}],"wp:attachment":[{"href":"http:\/\/www.backhausteam.de\/wordpress\/index.php?rest_route=%2Fwp%2Fv2%2Fmedia&parent=90"}],"wp:term":[{"taxonomy":"category","embeddable":true,"href":"http:\/\/www.backhausteam.de\/wordpress\/index.php?rest_route=%2Fwp%2Fv2%2Fcategories&post=90"},{"taxonomy":"post_tag","embeddable":true,"href":"http:\/\/www.backhausteam.de\/wordpress\/index.php?rest_route=%2Fwp%2Fv2%2Ftags&post=90"}],"curies":[{"name":"wp","href":"https:\/\/api.w.org\/{rel}","templated":true}]}}